{"id":783,"date":"2019-05-16T17:17:21","date_gmt":"2019-05-16T15:17:21","guid":{"rendered":"http:\/\/ptn.elk.pl\/?p=783"},"modified":"2024-03-28T17:24:12","modified_gmt":"2024-03-28T16:24:12","slug":"eugeniusz-franciszek-simson-wieloletni-prezes-kola-ptn-w-augustowie-nie-zyje","status":"publish","type":"post","link":"https:\/\/ptn.suwalki.pl\/index.php\/2019\/05\/16\/eugeniusz-franciszek-simson-wieloletni-prezes-kola-ptn-w-augustowie-nie-zyje\/","title":{"rendered":"Eugeniusz Franciszek Simson &#8211; wieloletni prezes Ko\u0142a PTN w Augustowie nie \u017cyje."},"content":{"rendered":"\n<figure class=\"wp-block-image alignwide\"><img loading=\"lazy\" width=\"609\" height=\"422\" src=\"http:\/\/ptn.suwalki.pl\/wp-content\/uploads\/2019\/05\/image-1.png\" alt=\"\" class=\"wp-image-784\" srcset=\"https:\/\/ptn.suwalki.pl\/wp-content\/uploads\/2019\/05\/image-1.png 609w, https:\/\/ptn.suwalki.pl\/wp-content\/uploads\/2019\/05\/image-1-600x416.png 600w\" sizes=\"(max-width: 609px) 100vw, 609px\" \/><\/figure>\n\n\n\n<p>Z wielkim \u017calem przyj\u0119li\u015bmy wiadomo\u015b\u0107 o \u015bmierci naszego kolegi Eugeniusza Franciszka Simsona \u2013 wieloletniego cz\u0142onka i prezesa ko\u0142a Polskiego Towarzystwa Numizmatycznego w Augustowie. Przez wiele lat by\u0142 wzorem dla m\u0142odszych koleg\u00f3w numizmatyk\u00f3w. Jego aktywno\u015b\u0107 by\u0142a\u00a0 podziwiana przez wszystkich. Dzi\u0119ki jego zaanga\u017cowaniu zosta\u0142o wybitych kilka medali pami\u0105tkowych. Cz\u0119sto spotykali\u015bmy si\u0119 na wsp\u00f3lnych zebraniach czy wydarzeniach organizowanych przez Oddzia\u0142 w Suwa\u0142kach.<\/p>\n\n\n\n<figure class=\"wp-block-image alignwide\"><img src=\"http:\/\/www.augustowski.home.pl\/wp-content\/uploads\/2016\/12\/1857.jpg\" alt=\"Odznak\u00c4\u0099 wr\u00c4\u0099czya Bogdan Dyjuk \u00e2\u0080\u0093 Cz\u00c5\u0082onek Zarz\u00c4\u0085du Wojew\u00c3\u00b3dztwa Podlaskiego\"\/><\/figure>\n\n\n\n<p>\u00a0By\u0142 r\u00f3wnie\u017c jednym z za\u0142o\u017cycieli augustowskiego Oddzia\u0142u Zwi\u0105zku Sybirak\u00f3w. Jako wieloletni prezes oddzia\u0142u aktywnie dzia\u0142a\u0142 na rzecz konsolidacji \u015brodowiska sybirackiego. Dzi\u0119ki niemu powsta\u0142o kilkadziesi\u0105t ZNAK\u00d3W PAMI\u0118CI, takich jak mosi\u0119\u017cne tablice pami\u0105tkowe, krzy\u017ce przydro\u017cne, pomniki (m.in. Pomnik Sybirak\u00f3w na augustowskim cmentarzu, o\u0142tarz z wizerunkiem \u015bw. Rafa\u0142a Kalinowskiego, trzy witra\u017ce o tematyce sybirackiej oraz Pomnik \u201ePolska Golgota Wschodu\u201d z nazwiskami deportowanych z ziemi augustowskiej w ko\u015bciele pw. Jana Chrzciciela na Borkach w Augustowie, pomnik \u2013 obelisk z informacj\u0105 o wyw\u00f3zkach na Syberi\u0119 posadowiony przed Szko\u0142\u0105 Podstawow\u0105 im. Sybirak\u00f3w w Netcie).<\/p>\n\n\n\n<div class=\"wp-block-image\"><figure class=\"aligncenter\"><img src=\"https:\/\/d-art.ppstatic.pl\/kadry\/k\/r\/1\/7b\/63\/55c460fa3a7f2_o_full.jpg\" alt=\"Znalezione obrazy dla zapytania Eugeniusz Simson August\u00c3\u00b3w\"\/><\/figure><\/div>\n\n\n\n<p>\u017begnaj. B\u0119dzie nam Ciebie brakowa\u0142o.<\/p>\n\n\n\n<p>Rodzinie i najbli\u017cszym sk\u0142adamy wyrazy wsp\u00f3\u0142czucia.<\/p>\n\n\n\n<p>Zarz\u0105d Polskiego Towarzystwa\nNumizmatycznego Oddzia\u0142 w Suwa\u0142kach Ko\u0142a w E\u0142ku.<\/p>\n","protected":false},"excerpt":{"rendered":"<p>Z wielkim \u017calem przyj\u0119li\u015bmy wiadomo\u015b\u0107 o \u015bmierci naszego kolegi Eugeniusza Franciszka Simsona \u2013 wieloletniego cz\u0142onka i prezesa ko\u0142a Polskiego Towarzystwa Numizmatycznego w Augustowie. Przez wiele lat by\u0142 wzorem dla m\u0142odszych koleg\u00f3w numizmatyk\u00f3w. Jego aktywno\u015b\u0107 by\u0142a\u00a0 podziwiana przez wszystkich. Dzi\u0119ki jego zaanga\u017cowaniu zosta\u0142o wybitych kilka medali pami\u0105tkowych. Cz\u0119sto spotykali\u015bmy si\u0119 na wsp\u00f3lnych zebraniach czy wydarzeniach organizowanych &#8230; <a title=\"Eugeniusz Franciszek Simson &#8211; wieloletni prezes Ko\u0142a PTN w Augustowie nie \u017cyje.\" class=\"read-more\" href=\"https:\/\/ptn.suwalki.pl\/index.php\/2019\/05\/16\/eugeniusz-franciszek-simson-wieloletni-prezes-kola-ptn-w-augustowie-nie-zyje\/\">Czytaj dalej<span class=\"screen-reader-text\">Eugeniusz Franciszek Simson &#8211; wieloletni prezes Ko\u0142a PTN w Augustowie nie \u017cyje.<\/span><\/a><\/p>\n","protected":false},"author":1,"featured_media":0,"comment_status":"closed","ping_status":"closed","sticky":false,"template":"","format":"standard","meta":[],"categories":[2,8],"tags":[],"_links":{"self":[{"href":"https:\/\/ptn.suwalki.pl\/index.php\/wp-json\/wp\/v2\/posts\/783"}],"collection":[{"href":"https:\/\/ptn.suwalki.pl\/index.php\/wp-json\/wp\/v2\/posts"}],"about":[{"href":"https:\/\/ptn.suwalki.pl\/index.php\/wp-json\/wp\/v2\/types\/post"}],"author":[{"embeddable":true,"href":"https:\/\/ptn.suwalki.pl\/index.php\/wp-json\/wp\/v2\/users\/1"}],"replies":[{"embeddable":true,"href":"https:\/\/ptn.suwalki.pl\/index.php\/wp-json\/wp\/v2\/comments?post=783"}],"version-history":[{"count":1,"href":"https:\/\/ptn.suwalki.pl\/index.php\/wp-json\/wp\/v2\/posts\/783\/revisions"}],"predecessor-version":[{"id":785,"href":"https:\/\/ptn.suwalki.pl\/index.php\/wp-json\/wp\/v2\/posts\/783\/revisions\/785"}],"wp:attachment":[{"href":"https:\/\/ptn.suwalki.pl\/index.php\/wp-json\/wp\/v2\/media?parent=783"}],"wp:term":[{"taxonomy":"category","embeddable":true,"href":"https:\/\/ptn.suwalki.pl\/index.php\/wp-json\/wp\/v2\/categories?post=783"},{"taxonomy":"post_tag","embeddable":true,"href":"https:\/\/ptn.suwalki.pl\/index.php\/wp-json\/wp\/v2\/tags?post=783"}],"curies":[{"name":"wp","href":"https:\/\/api.w.org\/{rel}","templated":true}]}}