{"id":780,"date":"2019-05-16T16:28:28","date_gmt":"2019-05-16T14:28:28","guid":{"rendered":"http:\/\/ptn.elk.pl\/?p=780"},"modified":"2019-05-16T16:28:29","modified_gmt":"2019-05-16T14:28:29","slug":"noc-muzeow-zaproszenie","status":"publish","type":"post","link":"https:\/\/ptn.suwalki.pl\/index.php\/2019\/05\/16\/noc-muzeow-zaproszenie\/","title":{"rendered":"Noc Muze\u00f3w &#8211; Zaproszenie"},"content":{"rendered":"\n<figure class=\"wp-block-image\"><img loading=\"lazy\" width=\"640\" height=\"623\" src=\"http:\/\/ptn.suwalki.pl\/wp-content\/uploads\/2019\/05\/image.png\" alt=\"\" class=\"wp-image-781\" srcset=\"https:\/\/ptn.suwalki.pl\/wp-content\/uploads\/2019\/05\/image.png 640w, https:\/\/ptn.suwalki.pl\/wp-content\/uploads\/2019\/05\/image-600x584.png 600w\" sizes=\"(max-width: 640px) 100vw, 640px\" \/><\/figure>\n\n\n\n<p>Europejska Noc Muze\u00f3w 2019<\/p>\n\n\n\n<p>Polskie Towarzystwo Numizmatyczne oraz Muzeum Historyczne w E\u0142ku zapraszaj\u0105 do wsp\u00f3lnego udzia\u0142u w wydarzeniu<\/p>\n\n\n\n<p>EUROPEJSKA NOC MUZE\u00d3W\n2019<\/p>\n\n\n\n<p>Termin: 18 maja |\ngodz. 18.00-22.00<br>\nMiejsce: Muzeum Historyczne w E\u0142ku | ul. W\u0105ski Tor 1<br>\nWst\u0119p wolny!<\/p>\n\n\n\n<p>PROGRAM:<\/p>\n\n\n\n<p>18.00 \u201eMA\u0141Y KSI\u0104\u017b\u0118\u201d PO\nMAZURSKU<br>\nspotkanie z t\u0142umaczem Piotrem Szatkowskim (mo\u017cliwo\u015b\u0107 nabycia ksi\u0105\u017cki \u201eMa\u0142i\nPrinc\u201d)<\/p>\n\n\n\n<p>18.00-22.00 POKAZ\nNABYTK\u00d3W MUZEUM HISTORYCZNEGO W E\u0141KU<br>\nw tym m.in.:<br>\n\u2013 wystawa monet cz\u0142onk\u00f3w Polskiego Towarzystwa Numizmatycznego Oddzia\u0142 w Suwa\u0142kach,\nKo\u0142o w E\u0142ku<br>\n\u2013 KARETA typu plauka z XIX w. | 19.15<\/p>\n\n\n\n<p>19.45 CO TO JEST I JAK\nODRESTAUROWANO E\u0141CK\u0104 FISHARMONI\u0118? mgr. In\u017c. Andrzej Kowalewski, organomistrz<br>\n\u2013 Mazurskie pie\u015bni na fisharmonii w wykonaniu Tomasza Sulimy | 20.15<\/p>\n\n\n\n<p>21.00 SPORT W\nPOWOJENNYM E\u0141KU 1945-1946 \u2013 finisa\u017c wystawy<br>\n\u2013 oprowadzanie autorskie po wystawie z dr. Stefanem M. Marcinkiewiczem<\/p>\n\n\n\n<p>Podczas Nocy Muze\u00f3w\nb\u0119dzie mo\u017cliwo\u015b\u0107 nabycia publikacji MHE w cenach promocyjnych<\/p>\n\n\n\n<p>ZAPRASZAMY!<\/p>\n","protected":false},"excerpt":{"rendered":"<p>Europejska Noc Muze\u00f3w 2019 Polskie Towarzystwo Numizmatyczne oraz Muzeum Historyczne w E\u0142ku zapraszaj\u0105 do wsp\u00f3lnego udzia\u0142u w wydarzeniu EUROPEJSKA NOC MUZE\u00d3W 2019 Termin: 18 maja | godz. 18.00-22.00 Miejsce: Muzeum Historyczne w E\u0142ku | ul. W\u0105ski Tor 1 Wst\u0119p wolny! PROGRAM: 18.00 \u201eMA\u0141Y KSI\u0104\u017b\u0118\u201d PO MAZURSKU spotkanie z t\u0142umaczem Piotrem Szatkowskim (mo\u017cliwo\u015b\u0107 nabycia ksi\u0105\u017cki \u201eMa\u0142i &#8230; <a title=\"Noc Muze\u00f3w &#8211; Zaproszenie\" class=\"read-more\" href=\"https:\/\/ptn.suwalki.pl\/index.php\/2019\/05\/16\/noc-muzeow-zaproszenie\/\">Czytaj dalej<span class=\"screen-reader-text\">Noc Muze\u00f3w &#8211; Zaproszenie<\/span><\/a><\/p>\n","protected":false},"author":1,"featured_media":0,"comment_status":"closed","ping_status":"closed","sticky":false,"template":"","format":"standard","meta":[],"categories":[2],"tags":[],"_links":{"self":[{"href":"https:\/\/ptn.suwalki.pl\/index.php\/wp-json\/wp\/v2\/posts\/780"}],"collection":[{"href":"https:\/\/ptn.suwalki.pl\/index.php\/wp-json\/wp\/v2\/posts"}],"about":[{"href":"https:\/\/ptn.suwalki.pl\/index.php\/wp-json\/wp\/v2\/types\/post"}],"author":[{"embeddable":true,"href":"https:\/\/ptn.suwalki.pl\/index.php\/wp-json\/wp\/v2\/users\/1"}],"replies":[{"embeddable":true,"href":"https:\/\/ptn.suwalki.pl\/index.php\/wp-json\/wp\/v2\/comments?post=780"}],"version-history":[{"count":1,"href":"https:\/\/ptn.suwalki.pl\/index.php\/wp-json\/wp\/v2\/posts\/780\/revisions"}],"predecessor-version":[{"id":782,"href":"https:\/\/ptn.suwalki.pl\/index.php\/wp-json\/wp\/v2\/posts\/780\/revisions\/782"}],"wp:attachment":[{"href":"https:\/\/ptn.suwalki.pl\/index.php\/wp-json\/wp\/v2\/media?parent=780"}],"wp:term":[{"taxonomy":"category","embeddable":true,"href":"https:\/\/ptn.suwalki.pl\/index.php\/wp-json\/wp\/v2\/categories?post=780"},{"taxonomy":"post_tag","embeddable":true,"href":"https:\/\/ptn.suwalki.pl\/index.php\/wp-json\/wp\/v2\/tags?post=780"}],"curies":[{"name":"wp","href":"https:\/\/api.w.org\/{rel}","templated":true}]}}