{"id":4428,"date":"2025-10-22T17:30:31","date_gmt":"2025-10-22T15:30:31","guid":{"rendered":"https:\/\/ptn.suwalki.pl\/?p=4428"},"modified":"2026-04-09T18:47:58","modified_gmt":"2026-04-09T16:47:58","slug":"tysiaclecie-koronacji-boleslawa-chrobrego-2","status":"publish","type":"post","link":"https:\/\/ptn.suwalki.pl\/index.php\/2025\/10\/22\/tysiaclecie-koronacji-boleslawa-chrobrego-2\/","title":{"rendered":"Tysi\u0105clecie koronacji Boles\u0142awa Chrobrego"},"content":{"rendered":"\n<p>05 listopada 2025 r. Narodowy Bank Polski wprowadza do obiegu banknot 20 z\u0142 upami\u0119tniaj\u0105cy tysi\u0105clecie koronacji Boles\u0142awa Chrobrego.<\/p>\n\n\n\n<p>Nomina\u0142 20 z\u0142<\/p>\n\n\n\n<ul><li>bordowy, br\u0105zowy, granatowy, niebieski, pomara\u0144czowy, r\u00f3\u017cowy, szary, \u017c\u00f3\u0142ty,<\/li><li>Zabezpieczenia widoczne w \u015bwietle UV: na stronie przedniej numeracja w lewym g\u00f3rnym rogu w kolorze pomara\u0144czowym oraz w \u015brodkowej cz\u0119\u015bci napis: 1025 w kolorze \u017c\u00f3\u0142tym; na stronie odwrotnej fragmenty szaty graficznej w kolorach \u017c\u00f3\u0142tym i pomara\u0144czowym,<\/li><\/ul>\n\n\n\n<ul><li>Papier : bia\u0142y,<\/li><li>Znak wodny: fragment&nbsp;bordiury z Drzwi Gnie\u017anie\u0144skich, prostopadle napis:&nbsp; 1025,&nbsp;ornament&nbsp;plecionkowy,<\/li><li>Numeracja:<\/li><\/ul>\n\n\n\n<p>         kolor : &nbsp;numeracja pe\u0142na \u2013 czarny<\/p>\n\n\n\n<p>                     numeracja skr\u00f3cona \u2013 czerwony,<\/p>\n\n\n\n<p>                     seria: numeracja pe\u0142na i numeracja skr\u00f3cona \u2013 dwie wielkie litery,<\/p>\n\n\n\n<p class=\"has-text-align-left\">                     numer: &nbsp;numeracja pe\u0142na: siedmiocyfrowy; <\/p>\n\n\n\n<p class=\"has-text-align-left\">                     numeracja skr\u00f3cona:&nbsp;pi\u0119ciocyfrowy,&nbsp;&nbsp;&nbsp;&nbsp;&nbsp;&nbsp;&nbsp;&nbsp;&nbsp;&nbsp;&nbsp;&nbsp;&nbsp;&nbsp;&nbsp;&nbsp;&nbsp;&nbsp;&nbsp;&nbsp;&nbsp;&nbsp;&nbsp;&nbsp;&nbsp;&nbsp;&nbsp;&nbsp;&nbsp;&nbsp;&nbsp;&nbsp;&nbsp;&nbsp;&nbsp;&nbsp;&nbsp;&nbsp;&nbsp;&nbsp;&nbsp;&nbsp;&nbsp;&nbsp;&nbsp;&nbsp;&nbsp;&nbsp;&nbsp;&nbsp;&nbsp;&nbsp;&nbsp;&nbsp;&nbsp;&nbsp;&nbsp;&nbsp;&nbsp;&nbsp;&nbsp;&nbsp;&nbsp;&nbsp; &nbsp;&nbsp;&nbsp;&nbsp;&nbsp;&nbsp;&nbsp;&nbsp;&nbsp;&nbsp;&nbsp;&nbsp;&nbsp;&nbsp;&nbsp;&nbsp;&nbsp;              <\/p>\n\n\n\n<p class=\"has-text-align-left\">                     rozmieszczenie:&nbsp;&nbsp;&nbsp;&nbsp;&nbsp;&nbsp;&nbsp;&nbsp;&nbsp;&nbsp;&nbsp;&nbsp;&nbsp;&nbsp;&nbsp; &nbsp;<\/p>\n\n\n\n<p class=\"has-text-align-left\">                     numeracja pe\u0142na \u2013 na stronie przedniej litery serii i cyfry w uk\u0142adzie poziomym u do\u0142u z prawej strony;&nbsp;&nbsp;&nbsp;&nbsp;<\/p>\n\n\n\n<p class=\"has-text-align-left\">                &nbsp;&nbsp;&nbsp;&nbsp; numeracja skr\u00f3cona \u2013 na stronie przedniej litery i cyfry numeracji e uk\u0142adzie poziomym w lewym g\u00f3rnym rogu,<\/p>\n\n\n\n<ul><li>Wielko\u015b\u0107 emisji: do 70\u00a0000 szt.,<\/li><li>Wymiary: 170 \u00d7 85 mm,<\/li><li>Projekt: Agnieszka Pr\u00f3chniak<\/li><li>Cena: 160,00 z\u0142<\/li><\/ul>\n\n\n\n<p>     Strona przednia:<\/p>\n\n\n\n<p>     <\/p>\n\n\n\n<figure class=\"wp-block-image size-full\"><img loading=\"lazy\" width=\"609\" height=\"318\" src=\"https:\/\/ptn.suwalki.pl\/wp-content\/uploads\/2025\/10\/image-4.png\" alt=\"\" class=\"wp-image-4431\" srcset=\"https:\/\/ptn.suwalki.pl\/wp-content\/uploads\/2025\/10\/image-4.png 609w, https:\/\/ptn.suwalki.pl\/wp-content\/uploads\/2025\/10\/image-4-600x313.png 600w\" sizes=\"(max-width: 609px) 100vw, 609px\" \/><\/figure>\n\n\n\n<p>Strona odwrotna:<\/p>\n\n\n\n<figure class=\"wp-block-image size-full\"><img loading=\"lazy\" width=\"607\" height=\"315\" src=\"https:\/\/ptn.suwalki.pl\/wp-content\/uploads\/2025\/10\/image-5.png\" alt=\"\" class=\"wp-image-4432\" srcset=\"https:\/\/ptn.suwalki.pl\/wp-content\/uploads\/2025\/10\/image-5.png 607w, https:\/\/ptn.suwalki.pl\/wp-content\/uploads\/2025\/10\/image-5-600x311.png 600w\" sizes=\"(max-width: 607px) 100vw, 607px\" \/><\/figure>\n\n\n\n<p>Wi\u0119cej informacji:<\/p>\n\n\n\n<p><a href=\"https:\/\/nbp.pl\/banknoty-i-monety\/monety-okolicznosciowe\/plany-emisyjne\/\">https:\/\/nbp.pl\/banknoty-i-monety\/monety-okolicznosciowe\/plany-emisyjne\/<\/a><\/p>\n\n\n\n<p><a href=\"https:\/\/nbp.pl\/wp-content\/uploads\/2025\/10\/1000-lecie_koronacji_B.Chrobrego_2025_PL.pdf\">https:\/\/nbp.pl\/wp-content\/uploads\/2025\/10\/1000-lecie_koronacji_B.Chrobrego_2025_PL.pdf<\/a><\/p>\n\n\n\n<p><a href=\"https:\/\/monitorpolski.gov.pl\/M2025000109201.pdf\">https:\/\/monitorpolski.gov.pl\/M2025000109201.pdf<\/a><\/p>\n\n\n\n<p><\/p>\n\n\n\n<p>Zdj\u0119cia z Archiwum NBP<\/p>\n\n\n\n<figure class=\"wp-block-image size-large\"><img loading=\"lazy\" width=\"1024\" height=\"512\" src=\"https:\/\/ptn.suwalki.pl\/wp-content\/uploads\/2025\/10\/image-6-1024x512.png\" alt=\"\" class=\"wp-image-4438\" srcset=\"https:\/\/ptn.suwalki.pl\/wp-content\/uploads\/2025\/10\/image-6-1024x512.png 1024w, https:\/\/ptn.suwalki.pl\/wp-content\/uploads\/2025\/10\/image-6-600x300.png 600w, https:\/\/ptn.suwalki.pl\/wp-content\/uploads\/2025\/10\/image-6-768x384.png 768w, https:\/\/ptn.suwalki.pl\/wp-content\/uploads\/2025\/10\/image-6-1536x768.png 1536w, https:\/\/ptn.suwalki.pl\/wp-content\/uploads\/2025\/10\/image-6.png 1600w\" sizes=\"(max-width: 1024px) 100vw, 1024px\" \/><\/figure>\n\n\n\n<p><\/p>\n\n\n\n<figure class=\"wp-block-image size-large\"><img loading=\"lazy\" width=\"512\" height=\"1024\" src=\"https:\/\/ptn.suwalki.pl\/wp-content\/uploads\/2025\/10\/image-7-512x1024.png\" alt=\"\" class=\"wp-image-4440\" srcset=\"https:\/\/ptn.suwalki.pl\/wp-content\/uploads\/2025\/10\/image-7-512x1024.png 512w, https:\/\/ptn.suwalki.pl\/wp-content\/uploads\/2025\/10\/image-7-300x600.png 300w, https:\/\/ptn.suwalki.pl\/wp-content\/uploads\/2025\/10\/image-7-768x1536.png 768w, https:\/\/ptn.suwalki.pl\/wp-content\/uploads\/2025\/10\/image-7-1024x2048.png 1024w, https:\/\/ptn.suwalki.pl\/wp-content\/uploads\/2025\/10\/image-7.png 1280w\" sizes=\"(max-width: 512px) 100vw, 512px\" \/><\/figure>\n","protected":false},"excerpt":{"rendered":"<p>05 listopada 2025 r. Narodowy Bank Polski wprowadza do obiegu banknot 20 z\u0142 upami\u0119tniaj\u0105cy tysi\u0105clecie koronacji Boles\u0142awa Chrobrego. Nomina\u0142 20 z\u0142 bordowy, br\u0105zowy, granatowy, niebieski, pomara\u0144czowy, r\u00f3\u017cowy, szary, \u017c\u00f3\u0142ty, Zabezpieczenia widoczne w \u015bwietle UV: na stronie przedniej numeracja w lewym g\u00f3rnym rogu w kolorze pomara\u0144czowym oraz w \u015brodkowej cz\u0119\u015bci napis: 1025 w kolorze \u017c\u00f3\u0142tym; na &#8230; <a title=\"Tysi\u0105clecie koronacji Boles\u0142awa Chrobrego\" class=\"read-more\" href=\"https:\/\/ptn.suwalki.pl\/index.php\/2025\/10\/22\/tysiaclecie-koronacji-boleslawa-chrobrego-2\/\">Czytaj dalej<span class=\"screen-reader-text\">Tysi\u0105clecie koronacji Boles\u0142awa Chrobrego<\/span><\/a><\/p>\n","protected":false},"author":1,"featured_media":0,"comment_status":"closed","ping_status":"closed","sticky":false,"template":"","format":"standard","meta":[],"categories":[9],"tags":[],"_links":{"self":[{"href":"https:\/\/ptn.suwalki.pl\/index.php\/wp-json\/wp\/v2\/posts\/4428"}],"collection":[{"href":"https:\/\/ptn.suwalki.pl\/index.php\/wp-json\/wp\/v2\/posts"}],"about":[{"href":"https:\/\/ptn.suwalki.pl\/index.php\/wp-json\/wp\/v2\/types\/post"}],"author":[{"embeddable":true,"href":"https:\/\/ptn.suwalki.pl\/index.php\/wp-json\/wp\/v2\/users\/1"}],"replies":[{"embeddable":true,"href":"https:\/\/ptn.suwalki.pl\/index.php\/wp-json\/wp\/v2\/comments?post=4428"}],"version-history":[{"count":7,"href":"https:\/\/ptn.suwalki.pl\/index.php\/wp-json\/wp\/v2\/posts\/4428\/revisions"}],"predecessor-version":[{"id":4442,"href":"https:\/\/ptn.suwalki.pl\/index.php\/wp-json\/wp\/v2\/posts\/4428\/revisions\/4442"}],"wp:attachment":[{"href":"https:\/\/ptn.suwalki.pl\/index.php\/wp-json\/wp\/v2\/media?parent=4428"}],"wp:term":[{"taxonomy":"category","embeddable":true,"href":"https:\/\/ptn.suwalki.pl\/index.php\/wp-json\/wp\/v2\/categories?post=4428"},{"taxonomy":"post_tag","embeddable":true,"href":"https:\/\/ptn.suwalki.pl\/index.php\/wp-json\/wp\/v2\/tags?post=4428"}],"curies":[{"name":"wp","href":"https:\/\/api.w.org\/{rel}","templated":true}]}}