{"id":4337,"date":"2025-07-12T07:19:16","date_gmt":"2025-07-12T05:19:16","guid":{"rendered":"https:\/\/ptn.suwalki.pl\/?p=4337"},"modified":"2025-07-12T07:25:57","modified_gmt":"2025-07-12T05:25:57","slug":"pamieci-ks-franciszka-blachnickiego","status":"publish","type":"post","link":"https:\/\/ptn.suwalki.pl\/index.php\/2025\/07\/12\/pamieci-ks-franciszka-blachnickiego\/","title":{"rendered":"Pami\u0119ci ks. Franciszka Blachnickiego."},"content":{"rendered":"\n<p>26.06.2025 roku Narodowy Bank Polski wprowadza do obiegu now\u0105 monet\u0119 kolekcjonersk\u0105 upami\u0119tniaj\u0105c\u0105 ks. Franciszka Blachnickiego.<\/p>\n\n\n\n<p>Nomina\u0142 :10 z\u0142,<\/p>\n\n\n\n<ul><li>Stop: Ag 999,<\/li><li>\u015arednica: 32,00 mm,<\/li><li>Masa: 14,14 g,<\/li><li>Nak\u0142ad: do 8000 sztuk,<\/li><li>Brzeg: g\u0142adki,<\/li><li>Stempel : lustrzany,<\/li><li>Techniki dodatkowe: matowanie laserowe,<\/li><li>Projektant: Paulina Kotowicz ,<\/li><li>Cena: &nbsp;260,00 z\u0142<\/li><\/ul>\n\n\n\n<p>Awers:<\/p>\n\n\n\n<figure class=\"wp-block-image\"><img src=\"https:\/\/ptn.elk.pl\/wp-content\/uploads\/2025\/07\/image-2.png\" alt=\"\" class=\"wp-image-5833\"\/><\/figure>\n\n\n\n<p>Rewers:<\/p>\n\n\n\n<figure class=\"wp-block-image\"><img src=\"https:\/\/ptn.elk.pl\/wp-content\/uploads\/2025\/07\/image-3.png\" alt=\"\" class=\"wp-image-5835\"\/><\/figure>\n\n\n\n<p>Wi\u0119cej informacji<\/p>\n\n\n\n<p><a href=\"https:\/\/nbp.pl\/banknoty-i-monety\/monety-okolicznosciowe\/plany-emisyjne\/\">https:\/\/nbp.pl\/banknoty-i-monety\/monety-okolicznosciowe\/plany-emisyjne\/<\/a><\/p>\n\n\n\n<p><a href=\"https:\/\/nbp.pl\/wp-content\/uploads\/2025\/07\/DKO_WM_Pamieci_ks_Franciszka_Blachnickiego_A4_2025-MP-v1.2-INT.pdf\">https:\/\/nbp.pl\/wp-content\/uploads\/2025\/07\/DKO_WM_Pamieci_ks_Franciszka_Blachnickiego_A4_2025-MP-v1.2-INT.pdf<\/a><\/p>\n\n\n\n<p><a href=\"https:\/\/monitorpolski.gov.pl\/M2025000061301.pdf\">https:\/\/monitorpolski.gov.pl\/M2025000061301.pdf<\/a><\/p>\n\n\n\n<p>Zdj\u0119cia: Archiwum NBP<\/p>\n\n\n\n<div class=\"rl-gallery-container rl-loading\" id=\"rl-gallery-container-1\" data-gallery_id=\"4339\"> <div class=\"rl-gallery rl-basicgrid-gallery \" id=\"rl-gallery-1\" data-gallery_no=\"1\"> <div class=\"rl-gallery-item\"><a href=\"https:\/\/ptn.suwalki.pl\/wp-content\/uploads\/2025\/07\/1-1.jpg\" title=\"\" data-rl_title=\"\" class=\"rl-gallery-link\" data-rl_caption=\"\" data-rel=\"lightbox-gallery-1\"><img src=\"https:\/\/ptn.suwalki.pl\/wp-content\/uploads\/2025\/07\/1-1-600x600.jpg\" width=\"600\" height=\"600\" alt=\"\"\/><\/a><\/div><div class=\"rl-gallery-item\"><a href=\"https:\/\/ptn.suwalki.pl\/wp-content\/uploads\/2025\/07\/2.jpg\" title=\"\" data-rl_title=\"\" class=\"rl-gallery-link\" data-rl_caption=\"\" data-rel=\"lightbox-gallery-1\"><img src=\"https:\/\/ptn.suwalki.pl\/wp-content\/uploads\/2025\/07\/2-600x600.jpg\" width=\"600\" height=\"600\" alt=\"\"\/><\/a><\/div><div class=\"rl-gallery-item\"><a href=\"https:\/\/ptn.suwalki.pl\/wp-content\/uploads\/2025\/07\/3.jpg\" title=\"\" data-rl_title=\"\" class=\"rl-gallery-link\" data-rl_caption=\"\" data-rel=\"lightbox-gallery-1\"><img src=\"https:\/\/ptn.suwalki.pl\/wp-content\/uploads\/2025\/07\/3-600x400.jpg\" width=\"600\" height=\"400\" alt=\"\"\/><\/a><\/div><div class=\"rl-gallery-item\"><a href=\"https:\/\/ptn.suwalki.pl\/wp-content\/uploads\/2025\/07\/4.jpg\" title=\"\" data-rl_title=\"\" class=\"rl-gallery-link\" data-rl_caption=\"\" data-rel=\"lightbox-gallery-1\"><img src=\"https:\/\/ptn.suwalki.pl\/wp-content\/uploads\/2025\/07\/4-600x400.jpg\" width=\"600\" height=\"400\" alt=\"\"\/><\/a><\/div><div class=\"rl-gallery-item\"><a href=\"https:\/\/ptn.suwalki.pl\/wp-content\/uploads\/2025\/07\/5.jpg\" title=\"\" data-rl_title=\"\" class=\"rl-gallery-link\" data-rl_caption=\"\" data-rel=\"lightbox-gallery-1\"><img src=\"https:\/\/ptn.suwalki.pl\/wp-content\/uploads\/2025\/07\/5-600x400.jpg\" width=\"600\" height=\"400\" alt=\"\"\/><\/a><\/div><div class=\"rl-gallery-item\"><a href=\"https:\/\/ptn.suwalki.pl\/wp-content\/uploads\/2025\/07\/6.jpg\" title=\"\" data-rl_title=\"\" class=\"rl-gallery-link\" data-rl_caption=\"\" data-rel=\"lightbox-gallery-1\"><img src=\"https:\/\/ptn.suwalki.pl\/wp-content\/uploads\/2025\/07\/6-600x400.jpg\" width=\"600\" height=\"400\" alt=\"\"\/><\/a><\/div> <\/div> <\/div>\n","protected":false},"excerpt":{"rendered":"<p>26.06.2025 roku Narodowy Bank Polski wprowadza do obiegu now\u0105 monet\u0119 kolekcjonersk\u0105 upami\u0119tniaj\u0105c\u0105 ks. Franciszka Blachnickiego. Nomina\u0142 :10 z\u0142, Stop: Ag 999, \u015arednica: 32,00 mm, Masa: 14,14 g, Nak\u0142ad: do 8000 sztuk, Brzeg: g\u0142adki, Stempel : lustrzany, Techniki dodatkowe: matowanie laserowe, Projektant: Paulina Kotowicz , Cena: &nbsp;260,00 z\u0142 Awers: Rewers: Wi\u0119cej informacji https:\/\/nbp.pl\/banknoty-i-monety\/monety-okolicznosciowe\/plany-emisyjne\/ https:\/\/nbp.pl\/wp-content\/uploads\/2025\/07\/DKO_WM_Pamieci_ks_Franciszka_Blachnickiego_A4_2025-MP-v1.2-INT.pdf https:\/\/monitorpolski.gov.pl\/M2025000061301.pdf Zdj\u0119cia: &#8230; <a title=\"Pami\u0119ci ks. Franciszka Blachnickiego.\" class=\"read-more\" href=\"https:\/\/ptn.suwalki.pl\/index.php\/2025\/07\/12\/pamieci-ks-franciszka-blachnickiego\/\">Czytaj dalej<span class=\"screen-reader-text\">Pami\u0119ci ks. Franciszka Blachnickiego.<\/span><\/a><\/p>\n","protected":false},"author":1,"featured_media":0,"comment_status":"closed","ping_status":"closed","sticky":false,"template":"","format":"standard","meta":[],"categories":[9],"tags":[],"_links":{"self":[{"href":"https:\/\/ptn.suwalki.pl\/index.php\/wp-json\/wp\/v2\/posts\/4337"}],"collection":[{"href":"https:\/\/ptn.suwalki.pl\/index.php\/wp-json\/wp\/v2\/posts"}],"about":[{"href":"https:\/\/ptn.suwalki.pl\/index.php\/wp-json\/wp\/v2\/types\/post"}],"author":[{"embeddable":true,"href":"https:\/\/ptn.suwalki.pl\/index.php\/wp-json\/wp\/v2\/users\/1"}],"replies":[{"embeddable":true,"href":"https:\/\/ptn.suwalki.pl\/index.php\/wp-json\/wp\/v2\/comments?post=4337"}],"version-history":[{"count":2,"href":"https:\/\/ptn.suwalki.pl\/index.php\/wp-json\/wp\/v2\/posts\/4337\/revisions"}],"predecessor-version":[{"id":4347,"href":"https:\/\/ptn.suwalki.pl\/index.php\/wp-json\/wp\/v2\/posts\/4337\/revisions\/4347"}],"wp:attachment":[{"href":"https:\/\/ptn.suwalki.pl\/index.php\/wp-json\/wp\/v2\/media?parent=4337"}],"wp:term":[{"taxonomy":"category","embeddable":true,"href":"https:\/\/ptn.suwalki.pl\/index.php\/wp-json\/wp\/v2\/categories?post=4337"},{"taxonomy":"post_tag","embeddable":true,"href":"https:\/\/ptn.suwalki.pl\/index.php\/wp-json\/wp\/v2\/tags?post=4337"}],"curies":[{"name":"wp","href":"https:\/\/api.w.org\/{rel}","templated":true}]}}